{"id":355,"date":"2019-08-20T15:52:47","date_gmt":"2019-08-20T15:52:47","guid":{"rendered":"https:\/\/jupiterx.artbees.net\/psychologist\/?p=355"},"modified":"2021-02-15T15:31:08","modified_gmt":"2021-02-15T15:31:08","slug":"trastorns-personalitat-patrons-disfuncionals","status":"publish","type":"post","link":"https:\/\/psiquiatriapsicologiabarcelona.com\/ca\/trastorns-personalitat-patrons-disfuncionals\/","title":{"rendered":"Trastorns de la personalitat i patrons disfuncionals"},"content":{"rendered":"\t\t<div data-elementor-type=\"wp-post\" data-elementor-id=\"355\" class=\"elementor elementor-355\">\n\t\t\t\t\t\t<section class=\"elementor-section elementor-top-section elementor-element elementor-element-955c9f8 elementor-section-boxed elementor-section-height-default elementor-section-height-default\" data-id=\"955c9f8\" data-element_type=\"section\" data-e-type=\"section\">\n\t\t\t\t\t\t<div class=\"elementor-container elementor-column-gap-no\">\n\t\t\t\t\t<div class=\"elementor-column elementor-col-100 elementor-top-column elementor-element elementor-element-fd4701c\" data-id=\"fd4701c\" data-element_type=\"column\" data-e-type=\"column\">\n\t\t\t<div class=\"elementor-widget-wrap elementor-element-populated\">\n\t\t\t\t\t\t<div class=\"elementor-element elementor-element-2c090eb elementor-widget elementor-widget-text-editor\" data-id=\"2c090eb\" data-element_type=\"widget\" data-e-type=\"widget\" data-widget_type=\"text-editor.default\">\n\t\t\t\t<div class=\"elementor-widget-container\">\n\t\t\t\t\t\t\t\t\t<p>La diversitat de maneres de ser de cada persona fa que tots i cada un de nosaltres esdevinguem individus \u00fanics. Tanmateix, encara que plegats compartim caracter\u00edstiques i trets que es barregen en diferents proporcions, \u00e9s factible identificar patrons de percepci\u00f3 i comportament que presenten una certa unitat funcional. Es mantenen amb el pas del temps i ens caracteritzen com a persona.<\/p><p>Alguns d&#8217;aquests patrons, per\u00f2, s\u00f3n disfuncionals i fan patir a l&#8217;individu i a les persones que l&#8217;envolten, i \u00e9s per aix\u00f2 que reben el nom de trastorns de la personalitat.<\/p>\t\t\t\t\t\t\t\t<\/div>\n\t\t\t\t<\/div>\n\t\t\t\t<div class=\"elementor-element elementor-element-95f801d elementor-icon-list--layout-traditional elementor-list-item-link-full_width elementor-widget elementor-widget-icon-list\" data-id=\"95f801d\" data-element_type=\"widget\" data-e-type=\"widget\" data-widget_type=\"icon-list.default\">\n\t\t\t\t<div class=\"elementor-widget-container\">\n\t\t\t\t\t\t\t<ul class=\"elementor-icon-list-items\">\n\t\t\t\t\t\t\t<li class=\"elementor-icon-list-item\">\n\t\t\t\t\t\t\t\t\t\t\t<span class=\"elementor-icon-list-icon\">\n\t\t\t\t\t\t\t<i aria-hidden=\"true\" class=\"fas fa-quote-left\"><\/i>\t\t\t\t\t\t<\/span>\n\t\t\t\t\t\t\t\t\t\t<span class=\"elementor-icon-list-text\">Alguns d'aquests patrons s\u00f3n disfuncionals i fan patir a l'individu i a les persones que l'envolten, i \u00e9s per aix\u00f2 que reben el nom de trastorns de la personalitat<\/span>\n\t\t\t\t\t\t\t\t\t<\/li>\n\t\t\t\t\t\t<\/ul>\n\t\t\t\t\t\t<\/div>\n\t\t\t\t<\/div>\n\t\t\t\t<div class=\"elementor-element elementor-element-c426895 elementor-widget elementor-widget-text-editor\" data-id=\"c426895\" data-element_type=\"widget\" data-e-type=\"widget\" data-widget_type=\"text-editor.default\">\n\t\t\t\t<div class=\"elementor-widget-container\">\n\t\t\t\t\t\t\t\t\t<p><strong>Qu\u00e8 s\u00f3n els trastorns de la personalitat?<\/strong><\/p><p>En aquest tipus de trastorns \u00e9s normal que es presentin estats depressius i d&#8217;ansietat, descontrol emocional i conductual i pors i inhibicions que generen malestar i problemes en tots els \u00e0mbits de la vida.<\/p>\t\t\t\t\t\t\t\t<\/div>\n\t\t\t\t<\/div>\n\t\t\t\t\t<\/div>\n\t\t<\/div>\n\t\t\t\t\t<\/div>\n\t\t<\/section>\n\t\t\t\t<section class=\"elementor-section elementor-top-section elementor-element elementor-element-0f0344e elementor-section-boxed elementor-section-height-default elementor-section-height-default\" data-id=\"0f0344e\" data-element_type=\"section\" data-e-type=\"section\">\n\t\t\t\t\t\t<div class=\"elementor-container elementor-column-gap-no\">\n\t\t\t\t\t<div class=\"elementor-column elementor-col-50 elementor-top-column elementor-element elementor-element-bfb81b1\" data-id=\"bfb81b1\" data-element_type=\"column\" data-e-type=\"column\">\n\t\t\t<div class=\"elementor-widget-wrap elementor-element-populated\">\n\t\t\t\t\t\t<div class=\"elementor-element elementor-element-dc44833 elementor-widget elementor-widget-image\" data-id=\"dc44833\" data-element_type=\"widget\" data-e-type=\"widget\" data-widget_type=\"image.default\">\n\t\t\t\t<div class=\"elementor-widget-container\">\n\t\t\t\t\t\t\t\t\t\t\t\t\t\t\t<img fetchpriority=\"high\" decoding=\"async\" width=\"208\" height=\"300\" src=\"https:\/\/psiquiatriapsicologiabarcelona.com\/ca\/wp-content\/uploads\/2014\/02\/Stress-100-208x300.jpg\" class=\"attachment-medium size-medium wp-image-623\" alt=\"\" srcset=\"https:\/\/psiquiatriapsicologiabarcelona.com\/ca\/wp-content\/uploads\/2014\/02\/Stress-100-208x300.jpg 208w, https:\/\/psiquiatriapsicologiabarcelona.com\/ca\/wp-content\/uploads\/2014\/02\/Stress-100.jpg 401w\" sizes=\"(max-width: 208px) 100vw, 208px\" \/>\t\t\t\t\t\t\t\t\t\t\t\t\t\t\t<\/div>\n\t\t\t\t<\/div>\n\t\t\t\t\t<\/div>\n\t\t<\/div>\n\t\t\t\t<div class=\"elementor-column elementor-col-50 elementor-top-column elementor-element elementor-element-c3d4b91\" data-id=\"c3d4b91\" data-element_type=\"column\" data-e-type=\"column\">\n\t\t\t<div class=\"elementor-widget-wrap elementor-element-populated\">\n\t\t\t\t\t\t<div class=\"elementor-element elementor-element-70ee709 elementor-widget elementor-widget-text-editor\" data-id=\"70ee709\" data-element_type=\"widget\" data-e-type=\"widget\" data-widget_type=\"text-editor.default\">\n\t\t\t\t<div class=\"elementor-widget-container\">\n\t\t\t\t\t\t\t\t\t<p>Tot i que els trastorns de la personalitat no poden ser considerats com a malalties mentals, en un sentit estricte, generen tants problemes i disfuncions biogr\u00e0fiques que s\u00f3n una de les principals causes de la demanda de tractament psicol\u00f2gic i psiqui\u00e0tric<strong>.<\/strong><\/p><p><strong>Tractament dels trastorns de la personalitat.<\/strong><\/p><p>El tractament dels trastorns de la personalitat exigeix l&#8217;\u00fas de recursos psicofarmacol\u00f2gics i de t\u00e8cniques d&#8217;intervenci\u00f3 psicol\u00f2gica. S&#8217;empren per a la modificaci\u00f3 dels patrons disfuncionals amb l&#8217;objectiu d&#8217;aprendre a controlar la conducta impulsiva, regular els estats emocionals o alliberar la conducta inhibida per la por o per les f\u00f2bies.<\/p>\t\t\t\t\t\t\t\t<\/div>\n\t\t\t\t<\/div>\n\t\t\t\t\t<\/div>\n\t\t<\/div>\n\t\t\t\t\t<\/div>\n\t\t<\/section>\n\t\t\t\t<section class=\"elementor-section elementor-top-section elementor-element elementor-element-19f77c1 elementor-section-boxed elementor-section-height-default elementor-section-height-default\" data-id=\"19f77c1\" data-element_type=\"section\" data-e-type=\"section\">\n\t\t\t\t\t\t<div class=\"elementor-container elementor-column-gap-no\">\n\t\t\t\t\t<div class=\"elementor-column elementor-col-100 elementor-top-column elementor-element elementor-element-65b4720\" data-id=\"65b4720\" data-element_type=\"column\" data-e-type=\"column\">\n\t\t\t<div class=\"elementor-widget-wrap elementor-element-populated\">\n\t\t\t\t\t\t<div class=\"elementor-element elementor-element-254237b elementor-widget elementor-widget-text-editor\" data-id=\"254237b\" data-element_type=\"widget\" data-e-type=\"widget\" data-widget_type=\"text-editor.default\">\n\t\t\t\t<div class=\"elementor-widget-container\">\n\t\t\t\t\t\t\t\t\t<p>El tractament dels trastorns de la personalitat exigeix una certa continu\u00eftat terap\u00e8utica per tal de desarticular els patrons disfuncionals, ja que tot indica que s\u00f3n conseq\u00fc\u00e8ncia d&#8217;un seguit d&#8217;alteracions del neurodesenvolupament que dificulten l&#8217;aprenentatge social i l&#8217;adquisici\u00f3 del control emocional. S\u00f3n, per tant, tractaments laboriosos que ajuden a redre\u00e7ar situacions cr\u00edtiques, a organitzar el dia a dia del pacient i a planificar el seu futur amb realisme. Aquest futur \u00e9s molt m\u00e9s engrescador en els pacients que hagin rebut un tractament que en aquells que evolucionin sense rec\u00f3rrer-hi.<\/p>\t\t\t\t\t\t\t\t<\/div>\n\t\t\t\t<\/div>\n\t\t\t\t\t<\/div>\n\t\t<\/div>\n\t\t\t\t\t<\/div>\n\t\t<\/section>\n\t\t\t\t<section class=\"elementor-section elementor-top-section elementor-element elementor-element-4db98995 elementor-section-stretched elementor-section-height-min-height elementor-section-boxed elementor-section-height-default elementor-section-items-middle\" data-id=\"4db98995\" data-element_type=\"section\" data-e-type=\"section\" data-settings=\"{&quot;stretch_section&quot;:&quot;section-stretched&quot;,&quot;background_background&quot;:&quot;classic&quot;}\">\n\t\t\t\t\t\t\t<div class=\"elementor-background-overlay\"><\/div>\n\t\t\t\t\t\t\t<div class=\"elementor-container elementor-column-gap-default\">\n\t\t\t\t\t<div class=\"elementor-column elementor-col-100 elementor-top-column elementor-element elementor-element-73614752\" data-id=\"73614752\" data-element_type=\"column\" data-e-type=\"column\">\n\t\t\t<div class=\"elementor-widget-wrap elementor-element-populated\">\n\t\t\t\t\t\t<div class=\"elementor-element elementor-element-6c0af589 elementor-align-center elementor-widget elementor-widget-raven-heading\" data-id=\"6c0af589\" data-element_type=\"widget\" data-e-type=\"widget\" data-widget_type=\"raven-heading.default\">\n\t\t\t\t<div class=\"elementor-widget-container\">\n\t\t\t\t\t\t\t<div class=\"raven-widget-wrapper\"><h4 class=\"raven-heading raven-heading-h4\"><span class=\"raven-heading-title \">Apunta a l'agenda<\/span><\/h4><\/div>\n\t\t\t\t\t\t<\/div>\n\t\t\t\t<\/div>\n\t\t\t\t<div class=\"elementor-element elementor-element-92d7722 elementor-widget elementor-widget-text-editor\" data-id=\"92d7722\" data-element_type=\"widget\" data-e-type=\"widget\" data-widget_type=\"text-editor.default\">\n\t\t\t\t<div class=\"elementor-widget-container\">\n\t\t\t\t\t\t\t\t\t<p class=\"p1\"><span class=\"s1\">Descobreix com podem ajudar-te<\/span><\/p>\t\t\t\t\t\t\t\t<\/div>\n\t\t\t\t<\/div>\n\t\t\t\t<div class=\"elementor-element elementor-element-5e97de17 elementor-widget elementor-widget-spacer\" data-id=\"5e97de17\" data-element_type=\"widget\" data-e-type=\"widget\" data-widget_type=\"spacer.default\">\n\t\t\t\t<div class=\"elementor-widget-container\">\n\t\t\t\t\t\t\t<div class=\"elementor-spacer\">\n\t\t\t<div class=\"elementor-spacer-inner\"><\/div>\n\t\t<\/div>\n\t\t\t\t\t\t<\/div>\n\t\t\t\t<\/div>\n\t\t\t\t<div class=\"elementor-element elementor-element-56516edc elementor-align-center elementor-mobile-align-center elementor-widget elementor-widget-raven-button\" data-id=\"56516edc\" data-element_type=\"widget\" data-e-type=\"widget\" data-settings=\"{&quot;turn_to_popup_action_button&quot;:&quot;no&quot;}\" data-widget_type=\"raven-button.default\">\n\t\t\t\t<div class=\"elementor-widget-container\">\n\t\t\t\t\t\t\t<div class=\"raven-widget-wrapper\">\n\t\t\t<a class=\"raven-button raven-button-widget-normal-effect-none  raven-button-text-align-center raven-button-link elementor-animation-none\" href=\"http:\/\/contact\">\t\t\t\t<div class=\"raven-button-overlay\" ><\/div>\n\t\t\t\t<span class=\"raven-button-content\">\n\t\t\t\t\t\n\t\t\t\t\t<div class=\"button-text-container\">\n\t\t\t\t\t\t\t\t\t\t\t\t<div class=\"raven-button-texts-wrapper\">\n\t\t\t\t\t\t\t<div class=\"button-text\">\n\t\t\t\t\t\t\t\t<span class=\"raven-button-text\">\n\t\t\t\t\t\t\t\t\tDemana hora \t\t\t\t\t\t\t\t<\/span>\n\t\t\t\t\t\t\t<\/div>\n\t\t\t\t\t\t\t\t\t\t\t\t\t<\/div>\n\t\t\t\t\t\t\t\t\t\t\t<\/div>\n\t\t\t\t\t\n\t\t\t\t\t\t\t\t\t<\/span>\n\t\t\t<\/a>\t\t<\/div>\n\t\t\t\t\t\t<\/div>\n\t\t\t\t<\/div>\n\t\t\t\t\t<\/div>\n\t\t<\/div>\n\t\t\t\t\t<\/div>\n\t\t<\/section>\n\t\t\t\t<\/div>\n\t\t","protected":false},"excerpt":{"rendered":"<p>La diversitat de maneres de ser de cada persona fa que tots i cada un de nosaltres esdevinguem individus \u00fanics. Tanmateix, encara que plegats compartim caracter\u00edstiques i trets que es barregen en diferents proporcions, \u00e9s factible identificar patrons de percepci\u00f3 i comportament que presenten una certa unitat funcional.<\/p>\n","protected":false},"author":1,"featured_media":777,"comment_status":"closed","ping_status":"closed","sticky":false,"template":"","format":"standard","meta":{"_acf_changed":false,"footnotes":""},"categories":[1],"tags":[14],"class_list":["post-355","post","type-post","status-publish","format-standard","has-post-thumbnail","hentry","category-uncategorized","tag-trastorno-de-la-personalidad"],"acf":[],"_links":{"self":[{"href":"https:\/\/psiquiatriapsicologiabarcelona.com\/ca\/wp-json\/wp\/v2\/posts\/355","targetHints":{"allow":["GET"]}}],"collection":[{"href":"https:\/\/psiquiatriapsicologiabarcelona.com\/ca\/wp-json\/wp\/v2\/posts"}],"about":[{"href":"https:\/\/psiquiatriapsicologiabarcelona.com\/ca\/wp-json\/wp\/v2\/types\/post"}],"author":[{"embeddable":true,"href":"https:\/\/psiquiatriapsicologiabarcelona.com\/ca\/wp-json\/wp\/v2\/users\/1"}],"replies":[{"embeddable":true,"href":"https:\/\/psiquiatriapsicologiabarcelona.com\/ca\/wp-json\/wp\/v2\/comments?post=355"}],"version-history":[{"count":9,"href":"https:\/\/psiquiatriapsicologiabarcelona.com\/ca\/wp-json\/wp\/v2\/posts\/355\/revisions"}],"predecessor-version":[{"id":1175,"href":"https:\/\/psiquiatriapsicologiabarcelona.com\/ca\/wp-json\/wp\/v2\/posts\/355\/revisions\/1175"}],"wp:featuredmedia":[{"embeddable":true,"href":"https:\/\/psiquiatriapsicologiabarcelona.com\/ca\/wp-json\/wp\/v2\/media\/777"}],"wp:attachment":[{"href":"https:\/\/psiquiatriapsicologiabarcelona.com\/ca\/wp-json\/wp\/v2\/media?parent=355"}],"wp:term":[{"taxonomy":"category","embeddable":true,"href":"https:\/\/psiquiatriapsicologiabarcelona.com\/ca\/wp-json\/wp\/v2\/categories?post=355"},{"taxonomy":"post_tag","embeddable":true,"href":"https:\/\/psiquiatriapsicologiabarcelona.com\/ca\/wp-json\/wp\/v2\/tags?post=355"}],"curies":[{"name":"wp","href":"https:\/\/api.w.org\/{rel}","templated":true}]}}