{"id":347,"date":"2019-08-20T15:46:52","date_gmt":"2019-08-20T15:46:52","guid":{"rendered":"https:\/\/jupiterx.artbees.net\/psychologist\/?p=347"},"modified":"2021-02-15T15:57:05","modified_gmt":"2021-02-15T15:57:05","slug":"la-importancia-de-detectar-com-mes-aviat-millor-el-trastorn-bipolar","status":"publish","type":"post","link":"https:\/\/psiquiatriapsicologiabarcelona.com\/ca\/la-importancia-de-detectar-com-mes-aviat-millor-el-trastorn-bipolar\/","title":{"rendered":"La import\u00e0ncia de detectar com m\u00e9s aviat millor el trastorn bipolar"},"content":{"rendered":"\t\t<div data-elementor-type=\"wp-post\" data-elementor-id=\"347\" class=\"elementor elementor-347\">\n\t\t\t\t\t\t<section class=\"elementor-section elementor-top-section elementor-element elementor-element-955c9f8 elementor-section-boxed elementor-section-height-default elementor-section-height-default\" data-id=\"955c9f8\" data-element_type=\"section\" data-e-type=\"section\">\n\t\t\t\t\t\t<div class=\"elementor-container elementor-column-gap-no\">\n\t\t\t\t\t<div class=\"elementor-column elementor-col-100 elementor-top-column elementor-element elementor-element-fd4701c\" data-id=\"fd4701c\" data-element_type=\"column\" data-e-type=\"column\">\n\t\t\t<div class=\"elementor-widget-wrap elementor-element-populated\">\n\t\t\t\t\t\t<div class=\"elementor-element elementor-element-2c090eb elementor-widget elementor-widget-text-editor\" data-id=\"2c090eb\" data-element_type=\"widget\" data-e-type=\"widget\" data-widget_type=\"text-editor.default\">\n\t\t\t\t<div class=\"elementor-widget-container\">\n\t\t\t\t\t\t\t\t\t<p>El trastorn bipolar es caracteritza per un seguit d&#8217;oscil\u00b7lacions an\u00edmiques que pateix el pacient a banda de les demandes i circumst\u00e0ncies del seu entorn. Aquesta mena de canvis d&#8217;humor sorgeix com a resultat de l&#8217;exist\u00e8ncia d&#8217;alteracions als circuits cerebrals que s&#8217;encarreguen de la regulaci\u00f3 emocional i afectiva.<\/p>\t\t\t\t\t\t\t\t<\/div>\n\t\t\t\t<\/div>\n\t\t\t\t<div class=\"elementor-element elementor-element-95f801d elementor-icon-list--layout-traditional elementor-list-item-link-full_width elementor-widget elementor-widget-icon-list\" data-id=\"95f801d\" data-element_type=\"widget\" data-e-type=\"widget\" data-widget_type=\"icon-list.default\">\n\t\t\t\t<div class=\"elementor-widget-container\">\n\t\t\t\t\t\t\t<ul class=\"elementor-icon-list-items\">\n\t\t\t\t\t\t\t<li class=\"elementor-icon-list-item\">\n\t\t\t\t\t\t\t\t\t\t\t<span class=\"elementor-icon-list-icon\">\n\t\t\t\t\t\t\t<i aria-hidden=\"true\" class=\"fas fa-quote-left\"><\/i>\t\t\t\t\t\t<\/span>\n\t\t\t\t\t\t\t\t\t\t<span class=\"elementor-icon-list-text\">El trastorno bipolar se caracteriza por oscilaciones an\u00edmicas independientes de las demandas y circunstancias del entorno, como resultado de la existencia de alteraciones de los circuitos cerebrales encargados de la regulaci\u00f3n emocional y afectiva. <\/span>\n\t\t\t\t\t\t\t\t\t<\/li>\n\t\t\t\t\t\t<\/ul>\n\t\t\t\t\t\t<\/div>\n\t\t\t\t<\/div>\n\t\t\t\t<div class=\"elementor-element elementor-element-c426895 elementor-widget elementor-widget-text-editor\" data-id=\"c426895\" data-element_type=\"widget\" data-e-type=\"widget\" data-widget_type=\"text-editor.default\">\n\t\t\t\t<div class=\"elementor-widget-container\">\n\t\t\t\t\t\t\t\t\t<p><strong>En qu\u00e8 consisteix el trastorn bipolar?<\/strong><\/p><p>Els canvis d&#8217;humor del pacient amb trastorn bipolar poden expressar-se amb estats d&#8217;alegria, hiperactivitat i euf\u00f2ria, i tot seguit passar a la tristesa, el des\u00e0nim i a una inhibici\u00f3 que, a vegades, pot ser extrema. No cal dir que un trastorn d&#8217;aquestes caracter\u00edstiques pot afectar de manera considerable a la biografia del pacient. Cal, doncs, identificar-lo com m\u00e9s aviat millor i iniciar de seguida un tractament amb estabilitzadors de l&#8217;estat an\u00edmic i altre tipus de psicof\u00e0rmacs.<\/p>\t\t\t\t\t\t\t\t<\/div>\n\t\t\t\t<\/div>\n\t\t\t\t\t<\/div>\n\t\t<\/div>\n\t\t\t\t\t<\/div>\n\t\t<\/section>\n\t\t\t\t<section class=\"elementor-section elementor-top-section elementor-element elementor-element-0f0344e elementor-section-boxed elementor-section-height-default elementor-section-height-default\" data-id=\"0f0344e\" data-element_type=\"section\" data-e-type=\"section\">\n\t\t\t\t\t\t<div class=\"elementor-container elementor-column-gap-no\">\n\t\t\t\t\t<div class=\"elementor-column elementor-col-50 elementor-top-column elementor-element elementor-element-bfb81b1\" data-id=\"bfb81b1\" data-element_type=\"column\" data-e-type=\"column\">\n\t\t\t<div class=\"elementor-widget-wrap elementor-element-populated\">\n\t\t\t\t\t\t<div class=\"elementor-element elementor-element-dc44833 elementor-widget elementor-widget-image\" data-id=\"dc44833\" data-element_type=\"widget\" data-e-type=\"widget\" data-widget_type=\"image.default\">\n\t\t\t\t<div class=\"elementor-widget-container\">\n\t\t\t\t\t\t\t\t\t\t\t\t\t\t\t<img fetchpriority=\"high\" decoding=\"async\" width=\"500\" height=\"500\" src=\"https:\/\/psiquiatriapsicologiabarcelona.com\/ca\/wp-content\/uploads\/2019\/08\/Trastorno-bipolar-500x500.png\" class=\"attachment-Image Size 500x500 size-Image Size 500x500 wp-image-787\" alt=\"\" srcset=\"https:\/\/psiquiatriapsicologiabarcelona.com\/ca\/wp-content\/uploads\/2019\/08\/Trastorno-bipolar-500x500.png 500w, https:\/\/psiquiatriapsicologiabarcelona.com\/ca\/wp-content\/uploads\/2019\/08\/Trastorno-bipolar-150x150.png 150w\" sizes=\"(max-width: 500px) 100vw, 500px\" \/>\t\t\t\t\t\t\t\t\t\t\t\t\t\t\t<\/div>\n\t\t\t\t<\/div>\n\t\t\t\t\t<\/div>\n\t\t<\/div>\n\t\t\t\t<div class=\"elementor-column elementor-col-50 elementor-top-column elementor-element elementor-element-c3d4b91\" data-id=\"c3d4b91\" data-element_type=\"column\" data-e-type=\"column\">\n\t\t\t<div class=\"elementor-widget-wrap elementor-element-populated\">\n\t\t\t\t\t\t<div class=\"elementor-element elementor-element-70ee709 elementor-widget elementor-widget-text-editor\" data-id=\"70ee709\" data-element_type=\"widget\" data-e-type=\"widget\" data-widget_type=\"text-editor.default\">\n\t\t\t\t<div class=\"elementor-widget-container\">\n\t\t\t\t\t\t\t\t\t<p>A banda del trastorn bipolar \u2014conegut en altres \u00e8poques com a \u201cpsicosi maniaco-depresiva\u201d\u2014, existeixen altres variants del patr\u00f3 d&#8217;inestabilitat afectiva, com ara la ciclot\u00edmia i els estats man\u00edacs provocats per la ingesta de determinades subst\u00e0ncies o f\u00e0rmacs \u2014per exemple, la cortisona\u2014, i per malalties que repercuteixen en el funcionament del cervell. Com ja s&#8217;ha dit algun cop en refer\u00e8ncia a la psicosi, existeixen trastorns fronterers que combinen simptomatologia psic\u00f2tica i afectiva i fan aconsellable treballar amb una pauta terap\u00e8utica mixta.<\/p><p>El trastorn bipolar est\u00e0 determinat gen\u00e8ticament i pot manifestar-se en la pr\u00e0ctica cl\u00ednica amb una considerable variabilitat. A vegades, s&#8217;expressa com una caracter\u00edstica de la personalitat \u2014personalitat ciclot\u00edmica\u2014 m\u00e9s que com a una s\u00edndrome psiqui\u00e0trica. Tanmateix, encara que el terme \u201cbipolar\u201d ha esdevingut molt popular, conv\u00e9 no emprar aquest mot per referir-se a qualsevol variaci\u00f3 an\u00edmica incomprensible, per m\u00e9s evident que ho sembli.<\/p>\t\t\t\t\t\t\t\t<\/div>\n\t\t\t\t<\/div>\n\t\t\t\t\t<\/div>\n\t\t<\/div>\n\t\t\t\t\t<\/div>\n\t\t<\/section>\n\t\t\t\t<section class=\"elementor-section elementor-top-section elementor-element elementor-element-19f77c1 elementor-section-boxed elementor-section-height-default elementor-section-height-default\" data-id=\"19f77c1\" data-element_type=\"section\" data-e-type=\"section\">\n\t\t\t\t\t\t<div class=\"elementor-container elementor-column-gap-no\">\n\t\t\t\t\t<div class=\"elementor-column elementor-col-100 elementor-top-column elementor-element elementor-element-65b4720\" data-id=\"65b4720\" data-element_type=\"column\" data-e-type=\"column\">\n\t\t\t<div class=\"elementor-widget-wrap\">\n\t\t\t\t\t\t\t<\/div>\n\t\t<\/div>\n\t\t\t\t\t<\/div>\n\t\t<\/section>\n\t\t\t\t<section class=\"elementor-section elementor-top-section elementor-element elementor-element-72f95372 elementor-section-stretched elementor-section-height-min-height elementor-section-boxed elementor-section-height-default elementor-section-items-middle\" data-id=\"72f95372\" data-element_type=\"section\" data-e-type=\"section\" data-settings=\"{&quot;stretch_section&quot;:&quot;section-stretched&quot;,&quot;background_background&quot;:&quot;classic&quot;}\">\n\t\t\t\t\t\t\t<div class=\"elementor-background-overlay\"><\/div>\n\t\t\t\t\t\t\t<div class=\"elementor-container elementor-column-gap-default\">\n\t\t\t\t\t<div class=\"elementor-column elementor-col-100 elementor-top-column elementor-element elementor-element-218e5f40\" data-id=\"218e5f40\" data-element_type=\"column\" data-e-type=\"column\">\n\t\t\t<div class=\"elementor-widget-wrap elementor-element-populated\">\n\t\t\t\t\t\t<div class=\"elementor-element elementor-element-2a7dd57f elementor-align-center elementor-widget elementor-widget-raven-heading\" data-id=\"2a7dd57f\" data-element_type=\"widget\" data-e-type=\"widget\" data-widget_type=\"raven-heading.default\">\n\t\t\t\t<div class=\"elementor-widget-container\">\n\t\t\t\t\t\t\t<div class=\"raven-widget-wrapper\"><h4 class=\"raven-heading raven-heading-h4\"><span class=\"raven-heading-title \">Apunta a l'agenda<\/span><\/h4><\/div>\n\t\t\t\t\t\t<\/div>\n\t\t\t\t<\/div>\n\t\t\t\t<div class=\"elementor-element elementor-element-321711c7 elementor-widget elementor-widget-text-editor\" data-id=\"321711c7\" data-element_type=\"widget\" data-e-type=\"widget\" data-widget_type=\"text-editor.default\">\n\t\t\t\t<div class=\"elementor-widget-container\">\n\t\t\t\t\t\t\t\t\t<p class=\"p1\"><span class=\"s1\">Descobreix com podem ajudar-te<\/span><\/p>\t\t\t\t\t\t\t\t<\/div>\n\t\t\t\t<\/div>\n\t\t\t\t<div class=\"elementor-element elementor-element-642a798c elementor-widget elementor-widget-spacer\" data-id=\"642a798c\" data-element_type=\"widget\" data-e-type=\"widget\" data-widget_type=\"spacer.default\">\n\t\t\t\t<div class=\"elementor-widget-container\">\n\t\t\t\t\t\t\t<div class=\"elementor-spacer\">\n\t\t\t<div class=\"elementor-spacer-inner\"><\/div>\n\t\t<\/div>\n\t\t\t\t\t\t<\/div>\n\t\t\t\t<\/div>\n\t\t\t\t<div class=\"elementor-element elementor-element-3220120f elementor-align-center elementor-mobile-align-center elementor-widget elementor-widget-raven-button\" data-id=\"3220120f\" data-element_type=\"widget\" data-e-type=\"widget\" data-settings=\"{&quot;turn_to_popup_action_button&quot;:&quot;no&quot;}\" data-widget_type=\"raven-button.default\">\n\t\t\t\t<div class=\"elementor-widget-container\">\n\t\t\t\t\t\t\t<div class=\"raven-widget-wrapper\">\n\t\t\t<a class=\"raven-button raven-button-widget-normal-effect-none  raven-button-text-align-center raven-button-link elementor-animation-none\" href=\"http:\/\/contact\">\t\t\t\t<div class=\"raven-button-overlay\" ><\/div>\n\t\t\t\t<span class=\"raven-button-content\">\n\t\t\t\t\t\n\t\t\t\t\t<div class=\"button-text-container\">\n\t\t\t\t\t\t\t\t\t\t\t\t<div class=\"raven-button-texts-wrapper\">\n\t\t\t\t\t\t\t<div class=\"button-text\">\n\t\t\t\t\t\t\t\t<span class=\"raven-button-text\">\n\t\t\t\t\t\t\t\t\tPedir cita\t\t\t\t\t\t\t\t<\/span>\n\t\t\t\t\t\t\t<\/div>\n\t\t\t\t\t\t\t\t\t\t\t\t\t<\/div>\n\t\t\t\t\t\t\t\t\t\t\t<\/div>\n\t\t\t\t\t\n\t\t\t\t\t\t\t\t\t<\/span>\n\t\t\t<\/a>\t\t<\/div>\n\t\t\t\t\t\t<\/div>\n\t\t\t\t<\/div>\n\t\t\t\t\t<\/div>\n\t\t<\/div>\n\t\t\t\t\t<\/div>\n\t\t<\/section>\n\t\t\t\t<\/div>\n\t\t","protected":false},"excerpt":{"rendered":"<p>El trastorn bipolar es caracteritza per un seguit d\u2019oscil\u00b7lacions an\u00edmiques que pateix el pacient a banda de les demandes i circumst\u00e0ncies del seu entorn. Aquesta mena de canvis d\u2019humor sorgeix com a resultat de l\u2019exist\u00e8ncia d\u2019alteracions als circuits cerebrals que s\u2019encarreguen de la regulaci\u00f3 emocional i afectiva.<\/p>\n","protected":false},"author":1,"featured_media":787,"comment_status":"closed","ping_status":"open","sticky":false,"template":"","format":"standard","meta":{"_acf_changed":false,"footnotes":""},"categories":[1],"tags":[16],"class_list":["post-347","post","type-post","status-publish","format-standard","has-post-thumbnail","hentry","category-uncategorized","tag-trastorno-bipolar"],"acf":[],"_links":{"self":[{"href":"https:\/\/psiquiatriapsicologiabarcelona.com\/ca\/wp-json\/wp\/v2\/posts\/347","targetHints":{"allow":["GET"]}}],"collection":[{"href":"https:\/\/psiquiatriapsicologiabarcelona.com\/ca\/wp-json\/wp\/v2\/posts"}],"about":[{"href":"https:\/\/psiquiatriapsicologiabarcelona.com\/ca\/wp-json\/wp\/v2\/types\/post"}],"author":[{"embeddable":true,"href":"https:\/\/psiquiatriapsicologiabarcelona.com\/ca\/wp-json\/wp\/v2\/users\/1"}],"replies":[{"embeddable":true,"href":"https:\/\/psiquiatriapsicologiabarcelona.com\/ca\/wp-json\/wp\/v2\/comments?post=347"}],"version-history":[{"count":11,"href":"https:\/\/psiquiatriapsicologiabarcelona.com\/ca\/wp-json\/wp\/v2\/posts\/347\/revisions"}],"predecessor-version":[{"id":1191,"href":"https:\/\/psiquiatriapsicologiabarcelona.com\/ca\/wp-json\/wp\/v2\/posts\/347\/revisions\/1191"}],"wp:featuredmedia":[{"embeddable":true,"href":"https:\/\/psiquiatriapsicologiabarcelona.com\/ca\/wp-json\/wp\/v2\/media\/787"}],"wp:attachment":[{"href":"https:\/\/psiquiatriapsicologiabarcelona.com\/ca\/wp-json\/wp\/v2\/media?parent=347"}],"wp:term":[{"taxonomy":"category","embeddable":true,"href":"https:\/\/psiquiatriapsicologiabarcelona.com\/ca\/wp-json\/wp\/v2\/categories?post=347"},{"taxonomy":"post_tag","embeddable":true,"href":"https:\/\/psiquiatriapsicologiabarcelona.com\/ca\/wp-json\/wp\/v2\/tags?post=347"}],"curies":[{"name":"wp","href":"https:\/\/api.w.org\/{rel}","templated":true}]}}