{"id":344,"date":"2019-08-20T15:45:49","date_gmt":"2019-08-20T15:45:49","guid":{"rendered":"https:\/\/jupiterx.artbees.net\/psychologist\/?p=344"},"modified":"2021-02-15T15:57:46","modified_gmt":"2021-02-15T15:57:46","slug":"tipus-de-psicosi","status":"publish","type":"post","link":"https:\/\/psiquiatriapsicologiabarcelona.com\/ca\/tipus-de-psicosi\/","title":{"rendered":"Quins s\u00f3n els tipus de psicosi?"},"content":{"rendered":"\t\t<div data-elementor-type=\"wp-post\" data-elementor-id=\"344\" class=\"elementor elementor-344\">\n\t\t\t\t\t\t<section class=\"elementor-section elementor-top-section elementor-element elementor-element-955c9f8 elementor-section-boxed elementor-section-height-default elementor-section-height-default\" data-id=\"955c9f8\" data-element_type=\"section\" data-e-type=\"section\">\n\t\t\t\t\t\t<div class=\"elementor-container elementor-column-gap-no\">\n\t\t\t\t\t<div class=\"elementor-column elementor-col-100 elementor-top-column elementor-element elementor-element-fd4701c\" data-id=\"fd4701c\" data-element_type=\"column\" data-e-type=\"column\">\n\t\t\t<div class=\"elementor-widget-wrap elementor-element-populated\">\n\t\t\t\t\t\t<div class=\"elementor-element elementor-element-2c090eb elementor-widget elementor-widget-text-editor\" data-id=\"2c090eb\" data-element_type=\"widget\" data-e-type=\"widget\" data-widget_type=\"text-editor.default\">\n\t\t\t\t<div class=\"elementor-widget-container\">\n\t\t\t\t\t\t\t\t\t<p>El terme \u201cpsicosi\u201d fa refer\u00e8ncia a un estat mental caracteritzat per un seguit d&#8217;alteracions de la percepci\u00f3, el pensament i la conducta, que condueixen a una interpretaci\u00f3 equivocada de la realitat en un context de gran angoixa.<\/p>\t\t\t\t\t\t\t\t<\/div>\n\t\t\t\t<\/div>\n\t\t\t\t<div class=\"elementor-element elementor-element-95f801d elementor-icon-list--layout-traditional elementor-list-item-link-full_width elementor-widget elementor-widget-icon-list\" data-id=\"95f801d\" data-element_type=\"widget\" data-e-type=\"widget\" data-widget_type=\"icon-list.default\">\n\t\t\t\t<div class=\"elementor-widget-container\">\n\t\t\t\t\t\t\t<ul class=\"elementor-icon-list-items\">\n\t\t\t\t\t\t\t<li class=\"elementor-icon-list-item\">\n\t\t\t\t\t\t\t\t\t\t\t<span class=\"elementor-icon-list-icon\">\n\t\t\t\t\t\t\t<i aria-hidden=\"true\" class=\"fas fa-quote-left\"><\/i>\t\t\t\t\t\t<\/span>\n\t\t\t\t\t\t\t\t\t\t<span class=\"elementor-icon-list-text\">El t\u00e9rmino psicosis hace referencia a un estado mental caracterizado por alteraciones de la percepci\u00f3n, del pensamiento y de la conducta, que conducen a una interpretaci\u00f3n equivocada de la realidad, en el contexto de una gran angustia..<\/span>\n\t\t\t\t\t\t\t\t\t<\/li>\n\t\t\t\t\t\t<\/ul>\n\t\t\t\t\t\t<\/div>\n\t\t\t\t<\/div>\n\t\t\t\t<div class=\"elementor-element elementor-element-c426895 elementor-widget elementor-widget-text-editor\" data-id=\"c426895\" data-element_type=\"widget\" data-e-type=\"widget\" data-widget_type=\"text-editor.default\">\n\t\t\t\t<div class=\"elementor-widget-container\">\n\t\t\t\t\t\t\t\t\t<h5><strong>Qu\u00e8 \u00e9s la psicosi?<\/strong><\/h5><p>Les psicosis s&#8217;esdevenen a partir de les alteracions en diversos circuits cerebrals en persones vulnerables. La m\u00e9s caracter\u00edstica de totes \u00e9s l&#8217;esquizofr\u00e8nia, que es troba en un 1 % de la poblaci\u00f3, un fet que evidencia la seva base gen\u00e8tica.<\/p>\t\t\t\t\t\t\t\t<\/div>\n\t\t\t\t<\/div>\n\t\t\t\t\t<\/div>\n\t\t<\/div>\n\t\t\t\t\t<\/div>\n\t\t<\/section>\n\t\t\t\t<section class=\"elementor-section elementor-top-section elementor-element elementor-element-0f0344e elementor-section-boxed elementor-section-height-default elementor-section-height-default\" data-id=\"0f0344e\" data-element_type=\"section\" data-e-type=\"section\">\n\t\t\t\t\t\t<div class=\"elementor-container elementor-column-gap-no\">\n\t\t\t\t\t<div class=\"elementor-column elementor-col-50 elementor-top-column elementor-element elementor-element-bfb81b1\" data-id=\"bfb81b1\" data-element_type=\"column\" data-e-type=\"column\">\n\t\t\t<div class=\"elementor-widget-wrap elementor-element-populated\">\n\t\t\t\t\t\t<div class=\"elementor-element elementor-element-dc44833 elementor-widget elementor-widget-image\" data-id=\"dc44833\" data-element_type=\"widget\" data-e-type=\"widget\" data-widget_type=\"image.default\">\n\t\t\t\t<div class=\"elementor-widget-container\">\n\t\t\t\t\t\t\t\t\t\t\t\t\t\t\t<img fetchpriority=\"high\" decoding=\"async\" width=\"275\" height=\"300\" src=\"https:\/\/psiquiatriapsicologiabarcelona.com\/ca\/wp-content\/uploads\/2019\/08\/Psicosis-275x300.png\" class=\"attachment-medium size-medium wp-image-789\" alt=\"\" srcset=\"https:\/\/psiquiatriapsicologiabarcelona.com\/ca\/wp-content\/uploads\/2019\/08\/Psicosis-275x300.png 275w, https:\/\/psiquiatriapsicologiabarcelona.com\/ca\/wp-content\/uploads\/2019\/08\/Psicosis-938x1024.png 938w, https:\/\/psiquiatriapsicologiabarcelona.com\/ca\/wp-content\/uploads\/2019\/08\/Psicosis-768x839.png 768w, https:\/\/psiquiatriapsicologiabarcelona.com\/ca\/wp-content\/uploads\/2019\/08\/Psicosis-1406x1536.png 1406w, https:\/\/psiquiatriapsicologiabarcelona.com\/ca\/wp-content\/uploads\/2019\/08\/Psicosis-1875x2048.png 1875w, https:\/\/psiquiatriapsicologiabarcelona.com\/ca\/wp-content\/uploads\/2019\/08\/Psicosis.png 1909w\" sizes=\"(max-width: 275px) 100vw, 275px\" \/>\t\t\t\t\t\t\t\t\t\t\t\t\t\t\t<\/div>\n\t\t\t\t<\/div>\n\t\t\t\t\t<\/div>\n\t\t<\/div>\n\t\t\t\t<div class=\"elementor-column elementor-col-50 elementor-top-column elementor-element elementor-element-c3d4b91\" data-id=\"c3d4b91\" data-element_type=\"column\" data-e-type=\"column\">\n\t\t\t<div class=\"elementor-widget-wrap elementor-element-populated\">\n\t\t\t\t\t\t<div class=\"elementor-element elementor-element-70ee709 elementor-widget elementor-widget-text-editor\" data-id=\"70ee709\" data-element_type=\"widget\" data-e-type=\"widget\" data-widget_type=\"text-editor.default\">\n\t\t\t\t<div class=\"elementor-widget-container\">\n\t\t\t\t\t\t\t\t\t<p>L&#8217;esquizofr\u00e8nia \u00e9s la malaltia mental per antonom\u00e0sia i disposa d&#8217;una traject\u00f2ria cr\u00f2nica, \u00e9s a dir, que condiciona la biografia del malalt, sobretot pels d\u00e8ficits cognitius que comporta. A vegades, l&#8217;esquizofr\u00e8nia es manifesta a partir d&#8217;esdeveniments estressants, com ara el consum de t\u00f2xics \u2014en concret, de c\u00e0nnabis. Un cop diagnosticada, segueix el seu curs natural encara que s&#8217;aturi el consum de subst\u00e0ncies.<\/p><h5><strong>S\u00edmptomes de la psicosi.<\/strong><\/h5><p>A les psicois t\u00f2xiques, la s\u00edndrome psic\u00f2tica s\u00ed que desapareix quan s&#8217;atura el consum i el seu pron\u00f2stic \u00e9s millor si es mant\u00e9 l&#8217;abstin\u00e8ncia. Tamb\u00e9 poden apar\u00e8ixer s\u00edndromes psic\u00f2tiques en el marc del trastorn bipolar i en malalties que afecten directament o indirectament al cervell. La relaci\u00f3 entre l&#8217;esquizofr\u00e8nia i el trastorn bipolar es palesa en l&#8217;\u00e0mbit dels anomenats trastorns esquizoafectius, en els quals es barregen ingredients d&#8217;ambd\u00f3s s\u00edmptomes psiqui\u00e0trics.<\/p>\t\t\t\t\t\t\t\t<\/div>\n\t\t\t\t<\/div>\n\t\t\t\t\t<\/div>\n\t\t<\/div>\n\t\t\t\t\t<\/div>\n\t\t<\/section>\n\t\t\t\t<section class=\"elementor-section elementor-top-section elementor-element elementor-element-19f77c1 elementor-section-boxed elementor-section-height-default elementor-section-height-default\" data-id=\"19f77c1\" data-element_type=\"section\" data-e-type=\"section\">\n\t\t\t\t\t\t<div class=\"elementor-container elementor-column-gap-no\">\n\t\t\t\t\t<div class=\"elementor-column elementor-col-100 elementor-top-column elementor-element elementor-element-65b4720\" data-id=\"65b4720\" data-element_type=\"column\" data-e-type=\"column\">\n\t\t\t<div class=\"elementor-widget-wrap elementor-element-populated\">\n\t\t\t\t\t\t<div class=\"elementor-element elementor-element-254237b elementor-widget elementor-widget-text-editor\" data-id=\"254237b\" data-element_type=\"widget\" data-e-type=\"widget\" data-widget_type=\"text-editor.default\">\n\t\t\t\t<div class=\"elementor-widget-container\">\n\t\t\t\t\t\t\t\t\t<h5><strong>Tractament de la psicosi.<\/strong><\/h5><p>El tractament dels s\u00edmptomes psic\u00f2tics positius \u2014al\u00b7lucinacions, idees delirants, agitaci\u00f3 conductual, desorganitzaci\u00f3 emocional\u2014 \u00e9s possible amb f\u00e0rmacs neurol\u00e8ptics \u2014o antipsic\u00f2tics\u2014, per\u00f2 la simptomatologia negativa \u2014aplanament afectiu, inhibici\u00f3, d\u00e8ficit d&#8217;atenci\u00f3 i concentraci\u00f3, retra\u00efment social\u2014 exigeix un tractament psicol\u00f2gic i mesures psicosocials espec\u00edfiques.<\/p>\t\t\t\t\t\t\t\t<\/div>\n\t\t\t\t<\/div>\n\t\t\t\t\t<\/div>\n\t\t<\/div>\n\t\t\t\t\t<\/div>\n\t\t<\/section>\n\t\t\t\t<section class=\"elementor-section elementor-top-section elementor-element elementor-element-4e1a8713 elementor-section-stretched elementor-section-height-min-height elementor-section-boxed elementor-section-height-default elementor-section-items-middle\" data-id=\"4e1a8713\" data-element_type=\"section\" data-e-type=\"section\" data-settings=\"{&quot;stretch_section&quot;:&quot;section-stretched&quot;,&quot;background_background&quot;:&quot;classic&quot;}\">\n\t\t\t\t\t\t\t<div class=\"elementor-background-overlay\"><\/div>\n\t\t\t\t\t\t\t<div class=\"elementor-container elementor-column-gap-default\">\n\t\t\t\t\t<div class=\"elementor-column elementor-col-100 elementor-top-column elementor-element elementor-element-482c75b3\" data-id=\"482c75b3\" data-element_type=\"column\" data-e-type=\"column\">\n\t\t\t<div class=\"elementor-widget-wrap elementor-element-populated\">\n\t\t\t\t\t\t<div class=\"elementor-element elementor-element-6f213ba3 elementor-align-center elementor-widget elementor-widget-raven-heading\" data-id=\"6f213ba3\" data-element_type=\"widget\" data-e-type=\"widget\" data-widget_type=\"raven-heading.default\">\n\t\t\t\t<div class=\"elementor-widget-container\">\n\t\t\t\t\t\t\t<div class=\"raven-widget-wrapper\"><h4 class=\"raven-heading raven-heading-h4\"><span class=\"raven-heading-title \">Apunta a l'agenda<\/span><\/h4><\/div>\n\t\t\t\t\t\t<\/div>\n\t\t\t\t<\/div>\n\t\t\t\t<div class=\"elementor-element elementor-element-f1fbed9 elementor-widget elementor-widget-text-editor\" data-id=\"f1fbed9\" data-element_type=\"widget\" data-e-type=\"widget\" data-widget_type=\"text-editor.default\">\n\t\t\t\t<div class=\"elementor-widget-container\">\n\t\t\t\t\t\t\t\t\t<p><strong>Descobreix com podem ajudar-te<\/strong><\/p>\t\t\t\t\t\t\t\t<\/div>\n\t\t\t\t<\/div>\n\t\t\t\t<div class=\"elementor-element elementor-element-1361c0aa elementor-widget elementor-widget-spacer\" data-id=\"1361c0aa\" data-element_type=\"widget\" data-e-type=\"widget\" data-widget_type=\"spacer.default\">\n\t\t\t\t<div class=\"elementor-widget-container\">\n\t\t\t\t\t\t\t<div class=\"elementor-spacer\">\n\t\t\t<div class=\"elementor-spacer-inner\"><\/div>\n\t\t<\/div>\n\t\t\t\t\t\t<\/div>\n\t\t\t\t<\/div>\n\t\t\t\t<div class=\"elementor-element elementor-element-4d0c345b elementor-align-center elementor-mobile-align-center elementor-widget elementor-widget-raven-button\" data-id=\"4d0c345b\" data-element_type=\"widget\" data-e-type=\"widget\" data-settings=\"{&quot;turn_to_popup_action_button&quot;:&quot;no&quot;}\" data-widget_type=\"raven-button.default\">\n\t\t\t\t<div class=\"elementor-widget-container\">\n\t\t\t\t\t\t\t<div class=\"raven-widget-wrapper\">\n\t\t\t<a class=\"raven-button raven-button-widget-normal-effect-none  raven-button-text-align-center raven-button-link elementor-animation-none\" href=\"http:\/\/contact\">\t\t\t\t<div class=\"raven-button-overlay\" ><\/div>\n\t\t\t\t<span class=\"raven-button-content\">\n\t\t\t\t\t\n\t\t\t\t\t<div class=\"button-text-container\">\n\t\t\t\t\t\t\t\t\t\t\t\t<div class=\"raven-button-texts-wrapper\">\n\t\t\t\t\t\t\t<div class=\"button-text\">\n\t\t\t\t\t\t\t\t<span class=\"raven-button-text\">\n\t\t\t\t\t\t\t\t\tDemana hora \t\t\t\t\t\t\t\t<\/span>\n\t\t\t\t\t\t\t<\/div>\n\t\t\t\t\t\t\t\t\t\t\t\t\t<\/div>\n\t\t\t\t\t\t\t\t\t\t\t<\/div>\n\t\t\t\t\t\n\t\t\t\t\t\t\t\t\t<\/span>\n\t\t\t<\/a>\t\t<\/div>\n\t\t\t\t\t\t<\/div>\n\t\t\t\t<\/div>\n\t\t\t\t\t<\/div>\n\t\t<\/div>\n\t\t\t\t\t<\/div>\n\t\t<\/section>\n\t\t\t\t<\/div>\n\t\t","protected":false},"excerpt":{"rendered":"<p>El terme \u201cpsicosi\u201d fa refer\u00e8ncia a un estat mental caracteritzat per un seguit d\u2019alteracions de la percepci\u00f3, el pensament i la conducta, que condueixen a una interpretaci\u00f3 equivocada de la realitat en un context de gran angoixa.<\/p>\n","protected":false},"author":1,"featured_media":789,"comment_status":"closed","ping_status":"open","sticky":false,"template":"","format":"standard","meta":{"_acf_changed":false,"footnotes":""},"categories":[1],"tags":[17],"class_list":["post-344","post","type-post","status-publish","format-standard","has-post-thumbnail","hentry","category-uncategorized","tag-psicosis"],"acf":[],"_links":{"self":[{"href":"https:\/\/psiquiatriapsicologiabarcelona.com\/ca\/wp-json\/wp\/v2\/posts\/344","targetHints":{"allow":["GET"]}}],"collection":[{"href":"https:\/\/psiquiatriapsicologiabarcelona.com\/ca\/wp-json\/wp\/v2\/posts"}],"about":[{"href":"https:\/\/psiquiatriapsicologiabarcelona.com\/ca\/wp-json\/wp\/v2\/types\/post"}],"author":[{"embeddable":true,"href":"https:\/\/psiquiatriapsicologiabarcelona.com\/ca\/wp-json\/wp\/v2\/users\/1"}],"replies":[{"embeddable":true,"href":"https:\/\/psiquiatriapsicologiabarcelona.com\/ca\/wp-json\/wp\/v2\/comments?post=344"}],"version-history":[{"count":12,"href":"https:\/\/psiquiatriapsicologiabarcelona.com\/ca\/wp-json\/wp\/v2\/posts\/344\/revisions"}],"predecessor-version":[{"id":1192,"href":"https:\/\/psiquiatriapsicologiabarcelona.com\/ca\/wp-json\/wp\/v2\/posts\/344\/revisions\/1192"}],"wp:featuredmedia":[{"embeddable":true,"href":"https:\/\/psiquiatriapsicologiabarcelona.com\/ca\/wp-json\/wp\/v2\/media\/789"}],"wp:attachment":[{"href":"https:\/\/psiquiatriapsicologiabarcelona.com\/ca\/wp-json\/wp\/v2\/media?parent=344"}],"wp:term":[{"taxonomy":"category","embeddable":true,"href":"https:\/\/psiquiatriapsicologiabarcelona.com\/ca\/wp-json\/wp\/v2\/categories?post=344"},{"taxonomy":"post_tag","embeddable":true,"href":"https:\/\/psiquiatriapsicologiabarcelona.com\/ca\/wp-json\/wp\/v2\/tags?post=344"}],"curies":[{"name":"wp","href":"https:\/\/api.w.org\/{rel}","templated":true}]}}